{"id":1007,"date":"2024-12-09T17:49:14","date_gmt":"2024-12-09T16:49:14","guid":{"rendered":"https:\/\/wendsoolem.org\/site\/?p=1007"},"modified":"2024-12-09T17:54:21","modified_gmt":"2024-12-09T16:54:21","slug":"la-jeunesse-des-assemblees-de-dieu-du-burkina-faso-une-jeunesse-engagee-pour-dieu-et-la-societe","status":"publish","type":"post","link":"https:\/\/wendsoolem.org\/?p=1007","title":{"rendered":"La Jeunesse des Assembl\u00e9es de Dieu du Burkina Faso : Une jeunesse engag\u00e9e pour Dieu et la soci\u00e9t\u00e9"},"content":{"rendered":"<p style=\"text-align: justify;\">Depuis sa cr\u00e9ation en 1970, la Jeunesse des Assembl\u00e9es de Dieu du Burkina Faso (JAD\/BF) incarne un mouvement de foi et d\u2019action au service de la jeunesse burkinab\u00e9. Fond\u00e9e pour regrouper les jeunes gar\u00e7ons et filles membres des \u00c9glises des Assembl\u00e9es de Dieu, la JAD\/BF poursuit une mission \u00e0 la fois spirituelle, sociale et \u00e9conomique, visant \u00e0 transformer des vies pour la gloire de Dieu et le bien de la soci\u00e9t\u00e9.<\/p>\n<h3 style=\"text-align: justify;\">Une vision guid\u00e9e par la foi<\/h3>\n<p style=\"text-align: justify;\">\u00ab Jeunesse et sanctification \u00bb (H\u00e9breux 12:14) : ce th\u00e8me r\u00e9sume l\u2019essence de la mission de la JAD\/BF. Inspir\u00e9e par les \u00c9critures, elle vise \u00e0 encourager les jeunes \u00e0 vivre une vie de saintet\u00e9 et de d\u00e9vouement envers Dieu. Par la pri\u00e8re, l\u2019\u00e9tude biblique et l\u2019\u00e9vang\u00e9lisation, la JAD\/BF offre un cadre spirituel propice \u00e0 la croissance et \u00e0 l\u2019\u00e9panouissement de ses membres. Des conventions, des camps bibliques et des activit\u00e9s de communion fraternelle renforcent les liens entre jeunes chr\u00e9tiens, tout en cultivant un engagement actif dans la propagation de l\u2019\u00e9vangile.<\/p>\n<h3><img fetchpriority=\"high\" decoding=\"async\" class=\" wp-image-1009 aligncenter\" src=\"https:\/\/wendsoolem.org\/site\/wp-content\/uploads\/2024\/12\/JAD0-300x99.png\" alt=\"\" width=\"393\" height=\"130\" srcset=\"https:\/\/wendsoolem.org\/wp-content\/uploads\/2024\/12\/JAD0-300x99.png 300w, https:\/\/wendsoolem.org\/wp-content\/uploads\/2024\/12\/JAD0.png 544w\" sizes=\"(max-width: 393px) 100vw, 393px\" \/><\/h3>\n<h3 style=\"text-align: justify;\">Une structure solide pour un impact durable<\/h3>\n<p style=\"text-align: justify;\">La JAD\/BF est structur\u00e9e sur plusieurs niveaux : national, r\u00e9gional, sous-r\u00e9gional et local. Cette organisation permet une gestion efficace et une coordination optimale des activit\u00e9s au sein des \u00c9glises des Assembl\u00e9es de Dieu du Burkina Faso. L\u2019Assembl\u00e9e G\u00e9n\u00e9rale, compos\u00e9e des diff\u00e9rents conseils et bureaux, se charge de d\u00e9finir les orientations strat\u00e9giques et de veiller \u00e0 l\u2019alignement des actions avec les valeurs de l\u2019association. Le Conseil National supervise les initiatives de la JAD\/BF tout en favorisant la participation des jeunes dans les prises de d\u00e9cision. Cette gouvernance inclusive garantit une repr\u00e9sentation \u00e9quitable et une r\u00e9ponse adapt\u00e9e aux besoins des membres.<\/p>\n<h3 style=\"text-align: justify;\">Une mission \u00e9largie \u00e0 la soci\u00e9t\u00e9<\/h3>\n<p style=\"text-align: justify;\">En plus de ses objectifs spirituels, la JAD\/BF s\u2019implique activement dans le d\u00e9veloppement personnel et socio-\u00e9conomique des jeunes.\u00a0Des initiatives telles que la cr\u00e9ation de centres de formation professionnelle, le soutien \u00e0 des projets agro-pastoraux et la promotion de l\u2019entrepreneuriat illustrent son engagement \u00e0 offrir des opportunit\u00e9s concr\u00e8tes aux jeunes. Ces actions visent \u00e0 les autonomiser, \u00e0 favoriser leur insertion professionnelle et \u00e0 encourager leur contribution au d\u00e9veloppement de la soci\u00e9t\u00e9. L\u2019accent est \u00e9galement mis sur l\u2019\u00e9ducation et l\u2019alphab\u00e9tisation, dans le but d\u2019outiller les jeunes pour relever les d\u00e9fis du monde moderne. En \u00e9troite collaboration avec les \u00c9glises locales des Assembl\u00e9es de Dieu, la JAD\/BF travaille \u00e0 renforcer la coh\u00e9sion sociale, \u00e0 promouvoir la paix et \u00e0 offrir un message d\u2019espoir dans un contexte marqu\u00e9 par des crises s\u00e9curitaires et sanitaires.<\/p>\n<h3 style=\"text-align: justify;\">C\u00e9l\u00e9bration d\u2019un jubil\u00e9 d\u2019or<\/h3>\n<p style=\"text-align: justify;\">En ao\u00fbt 2020, la JAD\/BF a c\u00e9l\u00e9br\u00e9 son cinquantenaire sous le th\u00e8me \u00ab 50 ans de la JAD\/BF : enjeux, d\u00e9fis, responsabilit\u00e9 et perspectives \u00bb.<img decoding=\"async\" class=\"wp-image-1015 alignleft\" src=\"https:\/\/wendsoolem.org\/site\/wp-content\/uploads\/2024\/12\/JAD6-300x225.jpg\" alt=\"\" width=\"204\" height=\"153\" srcset=\"https:\/\/wendsoolem.org\/wp-content\/uploads\/2024\/12\/JAD6-300x225.jpg 300w, https:\/\/wendsoolem.org\/wp-content\/uploads\/2024\/12\/JAD6-1024x768.jpg 1024w, https:\/\/wendsoolem.org\/wp-content\/uploads\/2024\/12\/JAD6-768x576.jpg 768w, https:\/\/wendsoolem.org\/wp-content\/uploads\/2024\/12\/JAD6-1536x1152.jpg 1536w, https:\/\/wendsoolem.org\/wp-content\/uploads\/2024\/12\/JAD6.jpg 2048w\" sizes=\"(max-width: 204px) 100vw, 204px\" \/> Cet \u00e9v\u00e9nement majeur a rassembl\u00e9 des milliers de jeunes venus des quatre coins du Burkina Faso et d\u2019ailleurs pour magnifier le Seigneur et rendre gr\u00e2ce pour cinq d\u00e9cennies de b\u00e9n\u00e9dictions. Plac\u00e9e sous le patronage du R\u00e9v\u00e9rend Dr Michel Ou\u00e9draogo, pr\u00e9sident du Conseil G\u00e9n\u00e9ral des Assembl\u00e9es de Dieu du Burkina Faso, cette c\u00e9l\u00e9bration a \u00e9t\u00e9 l\u2019occasion de faire le bilan des accomplissements de la JAD\/BF et de tracer les perspectives pour l\u2019avenir. Parmi les moments forts figuraient des enseignements bibliques sur la sanctification, des actions de gr\u00e2ce, ainsi que des initiatives philanthropiques telles que le don de motos aux pasteurs pour soutenir leurs efforts d\u2019\u00e9vang\u00e9lisation.<\/p>\n<h3 style=\"text-align: justify;\">Une jeunesse engag\u00e9e pour l\u2019avenir<\/h3>\n<p style=\"text-align: justify;\">Aujourd\u2019hui, la JAD\/BF est pr\u00e9sente dans plus de 5 000 \u00e9glises locales des Assembl\u00e9es de Dieu \u00e0 travers le Burkina Faso. Ce vaste r\u00e9seau t\u00e9moigne de son impact significatif sur la jeunesse burkinab\u00e9. En mobilisant des ressources humaines et mat\u00e9rielles pour des projets collectifs, la JAD\/BF incarne l\u2019id\u00e9al d\u2019une jeunesse unie, active et d\u00e9vou\u00e9e \u00e0 la cause de Christ. Elle invite chaque jeune \u00e0 rejoindre ce mouvement, \u00e0 s\u2019impliquer dans les activit\u00e9s et \u00e0 contribuer \u00e0 la construction d\u2019un monde meilleur. Dans une soci\u00e9t\u00e9 en qu\u00eate de rep\u00e8res, la JAD\/BF se positionne comme une source d\u2019inspiration et un outil de transformation, guidant les jeunes vers un avenir rempli de promesses pour la gloire de Dieu et le salut des \u00e2mes.<\/p>\n<p style=\"text-align: justify;\">Vive la JAD\/BF ! Soli Deo Gloria !<\/p>\n<p style=\"text-align: justify;\">\n","protected":false},"excerpt":{"rendered":"<p>Depuis sa cr\u00e9ation en 1970, la Jeunesse des Assembl\u00e9es de Dieu du Burkina Faso (JAD\/BF) incarne un mouvement de foi et d\u2019action au service de la jeunesse burkinab\u00e9. Fond\u00e9e pour regrouper les jeunes gar\u00e7ons et filles membres des \u00c9glises des Assembl\u00e9es de Dieu, la JAD\/BF poursuit une mission \u00e0 la fois spirituelle, sociale et \u00e9conomique, [&hellip;]<\/p>\n","protected":false},"author":2,"featured_media":1011,"comment_status":"open","ping_status":"open","sticky":false,"template":"","format":"standard","meta":{"footnotes":""},"categories":[61,42],"tags":[],"class_list":["post-1007","post","type-post","status-publish","format-standard","has-post-thumbnail","hentry","category-jeunesse-des-eglises","category-vie-associative"],"aioseo_notices":[],"magazineBlocksPostFeaturedMedia":{"thumbnail":"https:\/\/wendsoolem.org\/wp-content\/uploads\/2024\/12\/JAD2-150x150.jpg","medium":"https:\/\/wendsoolem.org\/wp-content\/uploads\/2024\/12\/JAD2-300x200.jpg","medium_large":"https:\/\/wendsoolem.org\/wp-content\/uploads\/2024\/12\/JAD2-768x512.jpg","large":"https:\/\/wendsoolem.org\/wp-content\/uploads\/2024\/12\/JAD2-1024x683.jpg","1536x1536":"https:\/\/wendsoolem.org\/wp-content\/uploads\/2024\/12\/JAD2-1536x1024.jpg","2048x2048":"https:\/\/wendsoolem.org\/wp-content\/uploads\/2024\/12\/JAD2.jpg","newsup-slider-full":"https:\/\/wendsoolem.org\/wp-content\/uploads\/2024\/12\/JAD2.jpg","newsup-featured":"https:\/\/wendsoolem.org\/wp-content\/uploads\/2024\/12\/JAD2.jpg","newsup-medium":"https:\/\/wendsoolem.org\/wp-content\/uploads\/2024\/12\/JAD2.jpg","tzwb-thumbnail":"https:\/\/wendsoolem.org\/wp-content\/uploads\/2024\/12\/JAD2.jpg"},"magazineBlocksPostAuthor":{"name":"La R\u00e9daction","avatar":"https:\/\/secure.gravatar.com\/avatar\/4ce60928f09eeeb5349fae7253589c73a1d84fecf1cc8203f2b28f94e8d15e63?s=96&d=mm&r=g"},"magazineBlocksPostCommentsNumber":"0","magazineBlocksPostExcerpt":"Depuis sa cr\u00e9ation en 1970, la Jeunesse des Assembl\u00e9es de Dieu du Burkina Faso (JAD\/BF) incarne un mouvement de foi et d\u2019action au service de la jeunesse burkinab\u00e9. Fond\u00e9e pour regrouper les jeunes gar\u00e7ons et filles membres des \u00c9glises des Assembl\u00e9es de Dieu, la JAD\/BF poursuit une mission \u00e0 la fois spirituelle, sociale et \u00e9conomique, [&hellip;]","magazineBlocksPostCategories":["Jeunesse des Eglises","VIE ASSOCIATIVE"],"magazineBlocksPostViewCount":703,"magazineBlocksPostReadTime":4,"magazine_blocks_featured_image_url":{"full":["https:\/\/wendsoolem.org\/wp-content\/uploads\/2024\/12\/JAD2.jpg",2048,1365,false],"medium":["https:\/\/wendsoolem.org\/wp-content\/uploads\/2024\/12\/JAD2-300x200.jpg",300,200,true],"thumbnail":["https:\/\/wendsoolem.org\/wp-content\/uploads\/2024\/12\/JAD2-150x150.jpg",150,150,true]},"magazine_blocks_author":{"display_name":"La R\u00e9daction","author_link":"https:\/\/wendsoolem.org\/?author=2"},"magazine_blocks_comment":1,"magazine_blocks_author_image":"https:\/\/secure.gravatar.com\/avatar\/4ce60928f09eeeb5349fae7253589c73a1d84fecf1cc8203f2b28f94e8d15e63?s=96&d=mm&r=g","magazine_blocks_category":"<a href=\"https:\/\/wendsoolem.org\/?cat=61\" rel=\"category\">Jeunesse des Eglises<\/a> <a href=\"https:\/\/wendsoolem.org\/?cat=42\" rel=\"category\">VIE ASSOCIATIVE<\/a>","yoast_head":"<!-- This site is optimized with the Yoast SEO plugin v27.5 - https:\/\/yoast.com\/product\/yoast-seo-wordpress\/ -->\n<title>La Jeunesse des Assembl\u00e9es de Dieu du Burkina Faso : Une jeunesse engag\u00e9e pour Dieu et la soci\u00e9t\u00e9 - Wendsoolem<\/title>\n<meta name=\"robots\" content=\"index, follow, max-snippet:-1, max-image-preview:large, max-video-preview:-1\" \/>\n<link rel=\"canonical\" href=\"https:\/\/wendsoolem.org\/?p=1007\" \/>\n<meta property=\"og:locale\" content=\"fr_FR\" \/>\n<meta property=\"og:type\" content=\"article\" \/>\n<meta property=\"og:title\" content=\"La Jeunesse des Assembl\u00e9es de Dieu du Burkina Faso : Une jeunesse engag\u00e9e pour Dieu et la soci\u00e9t\u00e9 - Wendsoolem\" \/>\n<meta property=\"og:description\" content=\"Depuis sa cr\u00e9ation en 1970, la Jeunesse des Assembl\u00e9es de Dieu du Burkina Faso (JAD\/BF) incarne un mouvement de foi et d\u2019action au service de la jeunesse burkinab\u00e9. Fond\u00e9e pour regrouper les jeunes gar\u00e7ons et filles membres des \u00c9glises des Assembl\u00e9es de Dieu, la JAD\/BF poursuit une mission \u00e0 la fois spirituelle, sociale et \u00e9conomique, [&hellip;]\" \/>\n<meta property=\"og:url\" content=\"https:\/\/wendsoolem.org\/?p=1007\" \/>\n<meta property=\"og:site_name\" content=\"Wendsoolem\" \/>\n<meta property=\"article:published_time\" content=\"2024-12-09T16:49:14+00:00\" \/>\n<meta property=\"article:modified_time\" content=\"2024-12-09T16:54:21+00:00\" \/>\n<meta property=\"og:image\" content=\"https:\/\/wendsoolem.org\/wp-content\/uploads\/2024\/12\/JAD2.jpg\" \/>\n\t<meta property=\"og:image:width\" content=\"2048\" \/>\n\t<meta property=\"og:image:height\" content=\"1365\" \/>\n\t<meta property=\"og:image:type\" content=\"image\/jpeg\" \/>\n<meta name=\"author\" content=\"La R\u00e9daction\" \/>\n<meta name=\"twitter:card\" content=\"summary_large_image\" \/>\n<meta name=\"twitter:label1\" content=\"\u00c9crit par\" \/>\n\t<meta name=\"twitter:data1\" content=\"La R\u00e9daction\" \/>\n\t<meta name=\"twitter:label2\" content=\"Dur\u00e9e de lecture estim\u00e9e\" \/>\n\t<meta name=\"twitter:data2\" content=\"5 minutes\" \/>\n<script type=\"application\/ld+json\" class=\"yoast-schema-graph\">{\"@context\":\"https:\\\/\\\/schema.org\",\"@graph\":[{\"@type\":\"Article\",\"@id\":\"https:\\\/\\\/wendsoolem.org\\\/?p=1007#article\",\"isPartOf\":{\"@id\":\"https:\\\/\\\/wendsoolem.org\\\/?p=1007\"},\"author\":{\"name\":\"La R\u00e9daction\",\"@id\":\"https:\\\/\\\/wendsoolem.org\\\/#\\\/schema\\\/person\\\/7ce3cea48ec459589d738a2f011916a2\"},\"headline\":\"La Jeunesse des Assembl\u00e9es de Dieu du Burkina Faso : Une jeunesse engag\u00e9e pour Dieu et la soci\u00e9t\u00e9\",\"datePublished\":\"2024-12-09T16:49:14+00:00\",\"dateModified\":\"2024-12-09T16:54:21+00:00\",\"mainEntityOfPage\":{\"@id\":\"https:\\\/\\\/wendsoolem.org\\\/?p=1007\"},\"wordCount\":785,\"commentCount\":0,\"publisher\":{\"@id\":\"https:\\\/\\\/wendsoolem.org\\\/#organization\"},\"image\":{\"@id\":\"https:\\\/\\\/wendsoolem.org\\\/?p=1007#primaryimage\"},\"thumbnailUrl\":\"https:\\\/\\\/wendsoolem.org\\\/wp-content\\\/uploads\\\/2024\\\/12\\\/JAD2.jpg\",\"articleSection\":[\"Jeunesse des Eglises\",\"VIE ASSOCIATIVE\"],\"inLanguage\":\"fr-FR\",\"potentialAction\":[{\"@type\":\"CommentAction\",\"name\":\"Comment\",\"target\":[\"https:\\\/\\\/wendsoolem.org\\\/?p=1007#respond\"]}]},{\"@type\":\"WebPage\",\"@id\":\"https:\\\/\\\/wendsoolem.org\\\/?p=1007\",\"url\":\"https:\\\/\\\/wendsoolem.org\\\/?p=1007\",\"name\":\"La Jeunesse des Assembl\u00e9es de Dieu du Burkina Faso : Une jeunesse engag\u00e9e pour Dieu et la soci\u00e9t\u00e9 - Wendsoolem\",\"isPartOf\":{\"@id\":\"https:\\\/\\\/wendsoolem.org\\\/#website\"},\"primaryImageOfPage\":{\"@id\":\"https:\\\/\\\/wendsoolem.org\\\/?p=1007#primaryimage\"},\"image\":{\"@id\":\"https:\\\/\\\/wendsoolem.org\\\/?p=1007#primaryimage\"},\"thumbnailUrl\":\"https:\\\/\\\/wendsoolem.org\\\/wp-content\\\/uploads\\\/2024\\\/12\\\/JAD2.jpg\",\"datePublished\":\"2024-12-09T16:49:14+00:00\",\"dateModified\":\"2024-12-09T16:54:21+00:00\",\"breadcrumb\":{\"@id\":\"https:\\\/\\\/wendsoolem.org\\\/?p=1007#breadcrumb\"},\"inLanguage\":\"fr-FR\",\"potentialAction\":[{\"@type\":\"ReadAction\",\"target\":[\"https:\\\/\\\/wendsoolem.org\\\/?p=1007\"]}]},{\"@type\":\"ImageObject\",\"inLanguage\":\"fr-FR\",\"@id\":\"https:\\\/\\\/wendsoolem.org\\\/?p=1007#primaryimage\",\"url\":\"https:\\\/\\\/wendsoolem.org\\\/wp-content\\\/uploads\\\/2024\\\/12\\\/JAD2.jpg\",\"contentUrl\":\"https:\\\/\\\/wendsoolem.org\\\/wp-content\\\/uploads\\\/2024\\\/12\\\/JAD2.jpg\",\"width\":2048,\"height\":1365},{\"@type\":\"BreadcrumbList\",\"@id\":\"https:\\\/\\\/wendsoolem.org\\\/?p=1007#breadcrumb\",\"itemListElement\":[{\"@type\":\"ListItem\",\"position\":1,\"name\":\"Home\",\"item\":\"https:\\\/\\\/wendsoolem.org\\\/\"},{\"@type\":\"ListItem\",\"position\":2,\"name\":\"La Jeunesse des Assembl\u00e9es de Dieu du Burkina Faso : Une jeunesse engag\u00e9e pour Dieu et la soci\u00e9t\u00e9\"}]},{\"@type\":\"WebSite\",\"@id\":\"https:\\\/\\\/wendsoolem.org\\\/#website\",\"url\":\"https:\\\/\\\/wendsoolem.org\\\/\",\"name\":\"Wendsoolem\",\"description\":\"\",\"publisher\":{\"@id\":\"https:\\\/\\\/wendsoolem.org\\\/#organization\"},\"potentialAction\":[{\"@type\":\"SearchAction\",\"target\":{\"@type\":\"EntryPoint\",\"urlTemplate\":\"https:\\\/\\\/wendsoolem.org\\\/?s={search_term_string}\"},\"query-input\":{\"@type\":\"PropertyValueSpecification\",\"valueRequired\":true,\"valueName\":\"search_term_string\"}}],\"inLanguage\":\"fr-FR\"},{\"@type\":\"Organization\",\"@id\":\"https:\\\/\\\/wendsoolem.org\\\/#organization\",\"name\":\"Wendsoolem\",\"url\":\"https:\\\/\\\/wendsoolem.org\\\/\",\"logo\":{\"@type\":\"ImageObject\",\"inLanguage\":\"fr-FR\",\"@id\":\"https:\\\/\\\/wendsoolem.org\\\/#\\\/schema\\\/logo\\\/image\\\/\",\"url\":\"https:\\\/\\\/wendsoolem.org\\\/wp-content\\\/uploads\\\/2024\\\/12\\\/bndd2n-1.jpg\",\"contentUrl\":\"https:\\\/\\\/wendsoolem.org\\\/wp-content\\\/uploads\\\/2024\\\/12\\\/bndd2n-1.jpg\",\"width\":1400,\"height\":150,\"caption\":\"Wendsoolem\"},\"image\":{\"@id\":\"https:\\\/\\\/wendsoolem.org\\\/#\\\/schema\\\/logo\\\/image\\\/\"}},{\"@type\":\"Person\",\"@id\":\"https:\\\/\\\/wendsoolem.org\\\/#\\\/schema\\\/person\\\/7ce3cea48ec459589d738a2f011916a2\",\"name\":\"La R\u00e9daction\",\"image\":{\"@type\":\"ImageObject\",\"inLanguage\":\"fr-FR\",\"@id\":\"https:\\\/\\\/secure.gravatar.com\\\/avatar\\\/4ce60928f09eeeb5349fae7253589c73a1d84fecf1cc8203f2b28f94e8d15e63?s=96&d=mm&r=g\",\"url\":\"https:\\\/\\\/secure.gravatar.com\\\/avatar\\\/4ce60928f09eeeb5349fae7253589c73a1d84fecf1cc8203f2b28f94e8d15e63?s=96&d=mm&r=g\",\"contentUrl\":\"https:\\\/\\\/secure.gravatar.com\\\/avatar\\\/4ce60928f09eeeb5349fae7253589c73a1d84fecf1cc8203f2b28f94e8d15e63?s=96&d=mm&r=g\",\"caption\":\"La R\u00e9daction\"},\"url\":\"https:\\\/\\\/wendsoolem.org\\\/?author=2\"}]}<\/script>\n<!-- \/ Yoast SEO plugin. -->","yoast_head_json":{"title":"La Jeunesse des Assembl\u00e9es de Dieu du Burkina Faso : Une jeunesse engag\u00e9e pour Dieu et la soci\u00e9t\u00e9 - Wendsoolem","robots":{"index":"index","follow":"follow","max-snippet":"max-snippet:-1","max-image-preview":"max-image-preview:large","max-video-preview":"max-video-preview:-1"},"canonical":"https:\/\/wendsoolem.org\/?p=1007","og_locale":"fr_FR","og_type":"article","og_title":"La Jeunesse des Assembl\u00e9es de Dieu du Burkina Faso : Une jeunesse engag\u00e9e pour Dieu et la soci\u00e9t\u00e9 - Wendsoolem","og_description":"Depuis sa cr\u00e9ation en 1970, la Jeunesse des Assembl\u00e9es de Dieu du Burkina Faso (JAD\/BF) incarne un mouvement de foi et d\u2019action au service de la jeunesse burkinab\u00e9. Fond\u00e9e pour regrouper les jeunes gar\u00e7ons et filles membres des \u00c9glises des Assembl\u00e9es de Dieu, la JAD\/BF poursuit une mission \u00e0 la fois spirituelle, sociale et \u00e9conomique, [&hellip;]","og_url":"https:\/\/wendsoolem.org\/?p=1007","og_site_name":"Wendsoolem","article_published_time":"2024-12-09T16:49:14+00:00","article_modified_time":"2024-12-09T16:54:21+00:00","og_image":[{"width":2048,"height":1365,"url":"https:\/\/wendsoolem.org\/wp-content\/uploads\/2024\/12\/JAD2.jpg","type":"image\/jpeg"}],"author":"La R\u00e9daction","twitter_card":"summary_large_image","twitter_misc":{"\u00c9crit par":"La R\u00e9daction","Dur\u00e9e de lecture estim\u00e9e":"5 minutes"},"schema":{"@context":"https:\/\/schema.org","@graph":[{"@type":"Article","@id":"https:\/\/wendsoolem.org\/?p=1007#article","isPartOf":{"@id":"https:\/\/wendsoolem.org\/?p=1007"},"author":{"name":"La R\u00e9daction","@id":"https:\/\/wendsoolem.org\/#\/schema\/person\/7ce3cea48ec459589d738a2f011916a2"},"headline":"La Jeunesse des Assembl\u00e9es de Dieu du Burkina Faso : Une jeunesse engag\u00e9e pour Dieu et la soci\u00e9t\u00e9","datePublished":"2024-12-09T16:49:14+00:00","dateModified":"2024-12-09T16:54:21+00:00","mainEntityOfPage":{"@id":"https:\/\/wendsoolem.org\/?p=1007"},"wordCount":785,"commentCount":0,"publisher":{"@id":"https:\/\/wendsoolem.org\/#organization"},"image":{"@id":"https:\/\/wendsoolem.org\/?p=1007#primaryimage"},"thumbnailUrl":"https:\/\/wendsoolem.org\/wp-content\/uploads\/2024\/12\/JAD2.jpg","articleSection":["Jeunesse des Eglises","VIE ASSOCIATIVE"],"inLanguage":"fr-FR","potentialAction":[{"@type":"CommentAction","name":"Comment","target":["https:\/\/wendsoolem.org\/?p=1007#respond"]}]},{"@type":"WebPage","@id":"https:\/\/wendsoolem.org\/?p=1007","url":"https:\/\/wendsoolem.org\/?p=1007","name":"La Jeunesse des Assembl\u00e9es de Dieu du Burkina Faso : Une jeunesse engag\u00e9e pour Dieu et la soci\u00e9t\u00e9 - Wendsoolem","isPartOf":{"@id":"https:\/\/wendsoolem.org\/#website"},"primaryImageOfPage":{"@id":"https:\/\/wendsoolem.org\/?p=1007#primaryimage"},"image":{"@id":"https:\/\/wendsoolem.org\/?p=1007#primaryimage"},"thumbnailUrl":"https:\/\/wendsoolem.org\/wp-content\/uploads\/2024\/12\/JAD2.jpg","datePublished":"2024-12-09T16:49:14+00:00","dateModified":"2024-12-09T16:54:21+00:00","breadcrumb":{"@id":"https:\/\/wendsoolem.org\/?p=1007#breadcrumb"},"inLanguage":"fr-FR","potentialAction":[{"@type":"ReadAction","target":["https:\/\/wendsoolem.org\/?p=1007"]}]},{"@type":"ImageObject","inLanguage":"fr-FR","@id":"https:\/\/wendsoolem.org\/?p=1007#primaryimage","url":"https:\/\/wendsoolem.org\/wp-content\/uploads\/2024\/12\/JAD2.jpg","contentUrl":"https:\/\/wendsoolem.org\/wp-content\/uploads\/2024\/12\/JAD2.jpg","width":2048,"height":1365},{"@type":"BreadcrumbList","@id":"https:\/\/wendsoolem.org\/?p=1007#breadcrumb","itemListElement":[{"@type":"ListItem","position":1,"name":"Home","item":"https:\/\/wendsoolem.org\/"},{"@type":"ListItem","position":2,"name":"La Jeunesse des Assembl\u00e9es de Dieu du Burkina Faso : Une jeunesse engag\u00e9e pour Dieu et la soci\u00e9t\u00e9"}]},{"@type":"WebSite","@id":"https:\/\/wendsoolem.org\/#website","url":"https:\/\/wendsoolem.org\/","name":"Wendsoolem","description":"","publisher":{"@id":"https:\/\/wendsoolem.org\/#organization"},"potentialAction":[{"@type":"SearchAction","target":{"@type":"EntryPoint","urlTemplate":"https:\/\/wendsoolem.org\/?s={search_term_string}"},"query-input":{"@type":"PropertyValueSpecification","valueRequired":true,"valueName":"search_term_string"}}],"inLanguage":"fr-FR"},{"@type":"Organization","@id":"https:\/\/wendsoolem.org\/#organization","name":"Wendsoolem","url":"https:\/\/wendsoolem.org\/","logo":{"@type":"ImageObject","inLanguage":"fr-FR","@id":"https:\/\/wendsoolem.org\/#\/schema\/logo\/image\/","url":"https:\/\/wendsoolem.org\/wp-content\/uploads\/2024\/12\/bndd2n-1.jpg","contentUrl":"https:\/\/wendsoolem.org\/wp-content\/uploads\/2024\/12\/bndd2n-1.jpg","width":1400,"height":150,"caption":"Wendsoolem"},"image":{"@id":"https:\/\/wendsoolem.org\/#\/schema\/logo\/image\/"}},{"@type":"Person","@id":"https:\/\/wendsoolem.org\/#\/schema\/person\/7ce3cea48ec459589d738a2f011916a2","name":"La R\u00e9daction","image":{"@type":"ImageObject","inLanguage":"fr-FR","@id":"https:\/\/secure.gravatar.com\/avatar\/4ce60928f09eeeb5349fae7253589c73a1d84fecf1cc8203f2b28f94e8d15e63?s=96&d=mm&r=g","url":"https:\/\/secure.gravatar.com\/avatar\/4ce60928f09eeeb5349fae7253589c73a1d84fecf1cc8203f2b28f94e8d15e63?s=96&d=mm&r=g","contentUrl":"https:\/\/secure.gravatar.com\/avatar\/4ce60928f09eeeb5349fae7253589c73a1d84fecf1cc8203f2b28f94e8d15e63?s=96&d=mm&r=g","caption":"La R\u00e9daction"},"url":"https:\/\/wendsoolem.org\/?author=2"}]}},"_links":{"self":[{"href":"https:\/\/wendsoolem.org\/index.php?rest_route=\/wp\/v2\/posts\/1007","targetHints":{"allow":["GET"]}}],"collection":[{"href":"https:\/\/wendsoolem.org\/index.php?rest_route=\/wp\/v2\/posts"}],"about":[{"href":"https:\/\/wendsoolem.org\/index.php?rest_route=\/wp\/v2\/types\/post"}],"author":[{"embeddable":true,"href":"https:\/\/wendsoolem.org\/index.php?rest_route=\/wp\/v2\/users\/2"}],"replies":[{"embeddable":true,"href":"https:\/\/wendsoolem.org\/index.php?rest_route=%2Fwp%2Fv2%2Fcomments&post=1007"}],"version-history":[{"count":1,"href":"https:\/\/wendsoolem.org\/index.php?rest_route=\/wp\/v2\/posts\/1007\/revisions"}],"predecessor-version":[{"id":1019,"href":"https:\/\/wendsoolem.org\/index.php?rest_route=\/wp\/v2\/posts\/1007\/revisions\/1019"}],"wp:featuredmedia":[{"embeddable":true,"href":"https:\/\/wendsoolem.org\/index.php?rest_route=\/wp\/v2\/media\/1011"}],"wp:attachment":[{"href":"https:\/\/wendsoolem.org\/index.php?rest_route=%2Fwp%2Fv2%2Fmedia&parent=1007"}],"wp:term":[{"taxonomy":"category","embeddable":true,"href":"https:\/\/wendsoolem.org\/index.php?rest_route=%2Fwp%2Fv2%2Fcategories&post=1007"},{"taxonomy":"post_tag","embeddable":true,"href":"https:\/\/wendsoolem.org\/index.php?rest_route=%2Fwp%2Fv2%2Ftags&post=1007"}],"curies":[{"name":"wp","href":"https:\/\/api.w.org\/{rel}","templated":true}]}}